{"id":7666,"date":"2021-02-23T14:59:59","date_gmt":"2021-02-23T13:59:59","guid":{"rendered":"https:\/\/www.precidiab.org\/?p=7666"},"modified":"2022-08-18T12:43:48","modified_gmt":"2022-08-18T10:43:48","slug":"sequencing-of-sars-cov-2-within-the-ligan-platform","status":"publish","type":"post","link":"https:\/\/www.precidiab.org\/en\/news\/sequencing-of-sars-cov-2-within-the-ligan-platform\/","title":{"rendered":"Sequencing of Sars-CoV-2 within the LIGAN platform"},"content":{"rendered":"\t\t<div data-elementor-type=\"wp-post\" data-elementor-id=\"7666\" class=\"elementor elementor-7666 elementor-3308\" data-elementor-post-type=\"post\">\n\t\t\t\t\t\t<section class=\"elementor-section elementor-top-section elementor-element elementor-element-578db4e2 elementor-section-boxed elementor-section-height-default elementor-section-height-default\" data-id=\"578db4e2\" data-element_type=\"section\" data-e-type=\"section\">\n\t\t\t\t\t\t<div class=\"elementor-container elementor-column-gap-default\">\n\t\t\t\t\t<div class=\"elementor-column elementor-col-100 elementor-top-column elementor-element elementor-element-609c95d\" data-id=\"609c95d\" data-element_type=\"column\" data-e-type=\"column\">\n\t\t\t<div class=\"elementor-widget-wrap elementor-element-populated\">\n\t\t\t\t\t\t<div class=\"elementor-text-editor elementor-element elementor-element-4cd81e5e elementor-widget elementor-widget-text-editor\" data-id=\"4cd81e5e\" data-element_type=\"widget\" data-e-type=\"widget\" data-widget_type=\"text-editor.default\">\n\t\t\t\t<div class=\"elementor-widget-container\">\n\t\t\t\t\t\t\t\t\t<p>For several weeks now, our <a href=\"http:\/\/ligan.good.cnrs.fr\/\"><strong>LIGAN<\/strong><\/a> platform has been involved in the sequencing of Sars-CoV-2 and the identification of new variants.<\/p>\n<p>So, come and discover the report carried out by the France 3 teams on how sequencing works within our platform!<\/p>\t\t\t\t\t\t\t\t<\/div>\n\t\t\t\t<\/div>\n\t\t\t\t<div class=\"elementor-element elementor-element-704556e elementor-widget elementor-widget-video\" data-id=\"704556e\" data-element_type=\"widget\" data-e-type=\"widget\" data-settings=\"{&quot;youtube_url&quot;:&quot;https:\\\/\\\/www.youtube.com\\\/watch?v=FP3uwjIzypw&quot;,&quot;video_type&quot;:&quot;youtube&quot;,&quot;controls&quot;:&quot;yes&quot;}\" data-widget_type=\"video.default\">\n\t\t\t\t<div class=\"elementor-widget-container\">\n\t\t\t\t\t\t\t<div class=\"elementor-wrapper elementor-open-inline\">\n\t\t\t<div class=\"elementor-video\"><\/div>\t\t<\/div>\n\t\t\t\t\t\t<\/div>\n\t\t\t\t<\/div>\n\t\t\t\t\t<\/div>\n\t\t<\/div>\n\t\t\t\t\t<\/div>\n\t\t<\/section>\n\t\t\t\t<\/div>\n\t\t","protected":false},"excerpt":{"rendered":"<p>For several weeks now, our LIGAN platform has been involved in the sequencing of Sars-CoV-2 and the identification of new variants. So, come and discover the report carried out by the France 3 teams on how sequencing works within our platform! https:\/\/www.youtube.com\/watch?v=FP3uwjIzypw<\/p>\n","protected":false},"author":2,"featured_media":7459,"comment_status":"closed","ping_status":"closed","sticky":false,"template":"","format":"gallery","meta":{"_acf_changed":false,"_monsterinsights_skip_tracking":false,"_monsterinsights_sitenote_active":false,"_monsterinsights_sitenote_note":"","_monsterinsights_sitenote_category":0,"site-sidebar-layout":"default","site-content-layout":"default","ast-site-content-layout":"default","site-content-style":"default","site-sidebar-style":"default","ast-global-header-display":"","ast-banner-title-visibility":"","ast-main-header-display":"","ast-hfb-above-header-display":"","ast-hfb-below-header-display":"","ast-hfb-mobile-header-display":"","site-post-title":"","ast-breadcrumbs-content":"","ast-featured-img":"","footer-sml-layout":"","ast-disable-related-posts":"","theme-transparent-header-meta":"default","adv-header-id-meta":"","stick-header-meta":"","header-above-stick-meta":"","header-main-stick-meta":"","header-below-stick-meta":"","astra-migrate-meta-layouts":"default","ast-page-background-enabled":"default","ast-page-background-meta":{"desktop":{"background-color":"var(--ast-global-color-4)","background-image":"","background-repeat":"repeat","background-position":"center center","background-size":"auto","background-attachment":"scroll","background-type":"","background-media":"","overlay-type":"","overlay-color":"","overlay-opacity":"","overlay-gradient":""},"tablet":{"background-color":"","background-image":"","background-repeat":"repeat","background-position":"center center","background-size":"auto","background-attachment":"scroll","background-type":"","background-media":"","overlay-type":"","overlay-color":"","overlay-opacity":"","overlay-gradient":""},"mobile":{"background-color":"","background-image":"","background-repeat":"repeat","background-position":"center center","background-size":"auto","background-attachment":"scroll","background-type":"","background-media":"","overlay-type":"","overlay-color":"","overlay-opacity":"","overlay-gradient":""}},"ast-content-background-meta":{"desktop":{"background-color":"var(--ast-global-color-5)","background-image":"","background-repeat":"repeat","background-position":"center center","background-size":"auto","background-attachment":"scroll","background-type":"","background-media":"","overlay-type":"","overlay-color":"","overlay-opacity":"","overlay-gradient":""},"tablet":{"background-color":"var(--ast-global-color-5)","background-image":"","background-repeat":"repeat","background-position":"center center","background-size":"auto","background-attachment":"scroll","background-type":"","background-media":"","overlay-type":"","overlay-color":"","overlay-opacity":"","overlay-gradient":""},"mobile":{"background-color":"var(--ast-global-color-5)","background-image":"","background-repeat":"repeat","background-position":"center center","background-size":"auto","background-attachment":"scroll","background-type":"","background-media":"","overlay-type":"","overlay-color":"","overlay-opacity":"","overlay-gradient":""}},"footnotes":""},"categories":[1],"tags":[],"class_list":["post-7666","post","type-post","status-publish","format-gallery","has-post-thumbnail","hentry","category-actualite","post_format-post-format-gallery"],"acf":[],"yoast_head":"<!-- This site is optimized with the Yoast SEO plugin v27.4 - https:\/\/yoast.com\/product\/yoast-seo-wordpress\/ -->\n<title>Sequencing of Sars-CoV-2 within the LIGAN platform | Precidiab<\/title>\n<meta name=\"robots\" content=\"index, follow, max-snippet:-1, max-image-preview:large, max-video-preview:-1\" \/>\n<link rel=\"canonical\" href=\"https:\/\/www.precidiab.org\/en\/news\/sequencing-of-sars-cov-2-within-the-ligan-platform\/\" \/>\n<meta property=\"og:locale\" content=\"en_US\" \/>\n<meta property=\"og:type\" content=\"article\" \/>\n<meta property=\"og:title\" content=\"Sequencing of Sars-CoV-2 within the LIGAN platform | Precidiab\" \/>\n<meta property=\"og:description\" content=\"For several weeks now, our LIGAN platform has been involved in the sequencing of Sars-CoV-2 and the identification of new variants. So, come and discover the report carried out by the France 3 teams on how sequencing works within our platform! https:\/\/www.youtube.com\/watch?v=FP3uwjIzypw\" \/>\n<meta property=\"og:url\" content=\"https:\/\/www.precidiab.org\/en\/news\/sequencing-of-sars-cov-2-within-the-ligan-platform\/\" \/>\n<meta property=\"og:site_name\" content=\"Precidiab\" \/>\n<meta property=\"article:published_time\" content=\"2021-02-23T13:59:59+00:00\" \/>\n<meta property=\"article:modified_time\" content=\"2022-08-18T10:43:48+00:00\" \/>\n<meta property=\"og:image\" content=\"https:\/\/www.precidiab.org\/wp-content\/uploads\/2021\/02\/France-3-Hauts-de-France.png\" \/>\n\t<meta property=\"og:image:width\" content=\"1021\" \/>\n\t<meta property=\"og:image:height\" content=\"1021\" \/>\n\t<meta property=\"og:image:type\" content=\"image\/png\" \/>\n<meta name=\"author\" content=\"btourbier\" \/>\n<meta name=\"twitter:card\" content=\"summary_large_image\" \/>\n<meta name=\"twitter:label1\" content=\"Written by\" \/>\n\t<meta name=\"twitter:data1\" content=\"btourbier\" \/>\n\t<meta name=\"twitter:label2\" content=\"Est. reading time\" \/>\n\t<meta name=\"twitter:data2\" content=\"1 minute\" \/>\n<script type=\"application\/ld+json\" class=\"yoast-schema-graph\">{\"@context\":\"https:\\\/\\\/schema.org\",\"@graph\":[{\"@type\":\"Article\",\"@id\":\"https:\\\/\\\/www.precidiab.org\\\/en\\\/news\\\/sequencing-of-sars-cov-2-within-the-ligan-platform\\\/#article\",\"isPartOf\":{\"@id\":\"https:\\\/\\\/www.precidiab.org\\\/en\\\/news\\\/sequencing-of-sars-cov-2-within-the-ligan-platform\\\/\"},\"author\":{\"name\":\"btourbier\",\"@id\":\"https:\\\/\\\/www.precidiab.org\\\/en\\\/#\\\/schema\\\/person\\\/d6ca115531c8ad59974f11050ababc79\"},\"headline\":\"Sequencing of Sars-CoV-2 within the LIGAN platform\",\"datePublished\":\"2021-02-23T13:59:59+00:00\",\"dateModified\":\"2022-08-18T10:43:48+00:00\",\"mainEntityOfPage\":{\"@id\":\"https:\\\/\\\/www.precidiab.org\\\/en\\\/news\\\/sequencing-of-sars-cov-2-within-the-ligan-platform\\\/\"},\"wordCount\":55,\"publisher\":{\"@id\":\"https:\\\/\\\/www.precidiab.org\\\/en\\\/#organization\"},\"image\":{\"@id\":\"https:\\\/\\\/www.precidiab.org\\\/en\\\/news\\\/sequencing-of-sars-cov-2-within-the-ligan-platform\\\/#primaryimage\"},\"thumbnailUrl\":\"https:\\\/\\\/www.precidiab.org\\\/wp-content\\\/uploads\\\/2021\\\/02\\\/France-3-Hauts-de-France.png\",\"articleSection\":[\"Actualit\u00e9s\"],\"inLanguage\":\"en-US\"},{\"@type\":\"WebPage\",\"@id\":\"https:\\\/\\\/www.precidiab.org\\\/en\\\/news\\\/sequencing-of-sars-cov-2-within-the-ligan-platform\\\/\",\"url\":\"https:\\\/\\\/www.precidiab.org\\\/en\\\/news\\\/sequencing-of-sars-cov-2-within-the-ligan-platform\\\/\",\"name\":\"Sequencing of Sars-CoV-2 within the LIGAN platform | Precidiab\",\"isPartOf\":{\"@id\":\"https:\\\/\\\/www.precidiab.org\\\/en\\\/#website\"},\"primaryImageOfPage\":{\"@id\":\"https:\\\/\\\/www.precidiab.org\\\/en\\\/news\\\/sequencing-of-sars-cov-2-within-the-ligan-platform\\\/#primaryimage\"},\"image\":{\"@id\":\"https:\\\/\\\/www.precidiab.org\\\/en\\\/news\\\/sequencing-of-sars-cov-2-within-the-ligan-platform\\\/#primaryimage\"},\"thumbnailUrl\":\"https:\\\/\\\/www.precidiab.org\\\/wp-content\\\/uploads\\\/2021\\\/02\\\/France-3-Hauts-de-France.png\",\"datePublished\":\"2021-02-23T13:59:59+00:00\",\"dateModified\":\"2022-08-18T10:43:48+00:00\",\"breadcrumb\":{\"@id\":\"https:\\\/\\\/www.precidiab.org\\\/en\\\/news\\\/sequencing-of-sars-cov-2-within-the-ligan-platform\\\/#breadcrumb\"},\"inLanguage\":\"en-US\",\"potentialAction\":[{\"@type\":\"ReadAction\",\"target\":[\"https:\\\/\\\/www.precidiab.org\\\/en\\\/news\\\/sequencing-of-sars-cov-2-within-the-ligan-platform\\\/\"]}]},{\"@type\":\"ImageObject\",\"inLanguage\":\"en-US\",\"@id\":\"https:\\\/\\\/www.precidiab.org\\\/en\\\/news\\\/sequencing-of-sars-cov-2-within-the-ligan-platform\\\/#primaryimage\",\"url\":\"https:\\\/\\\/www.precidiab.org\\\/wp-content\\\/uploads\\\/2021\\\/02\\\/France-3-Hauts-de-France.png\",\"contentUrl\":\"https:\\\/\\\/www.precidiab.org\\\/wp-content\\\/uploads\\\/2021\\\/02\\\/France-3-Hauts-de-France.png\",\"width\":1021,\"height\":1021},{\"@type\":\"BreadcrumbList\",\"@id\":\"https:\\\/\\\/www.precidiab.org\\\/en\\\/news\\\/sequencing-of-sars-cov-2-within-the-ligan-platform\\\/#breadcrumb\",\"itemListElement\":[{\"@type\":\"ListItem\",\"position\":1,\"name\":\"Home\",\"item\":\"https:\\\/\\\/www.precidiab.org\\\/en\\\/\"},{\"@type\":\"ListItem\",\"position\":2,\"name\":\"Sequencing of Sars-CoV-2 within the LIGAN platform\"}]},{\"@type\":\"WebSite\",\"@id\":\"https:\\\/\\\/www.precidiab.org\\\/en\\\/#website\",\"url\":\"https:\\\/\\\/www.precidiab.org\\\/en\\\/\",\"name\":\"Precidiab\",\"description\":\"Centre National de M\u00e9decine de Pr\u00e9cision des Diab\u00e8tes\",\"publisher\":{\"@id\":\"https:\\\/\\\/www.precidiab.org\\\/en\\\/#organization\"},\"potentialAction\":[{\"@type\":\"SearchAction\",\"target\":{\"@type\":\"EntryPoint\",\"urlTemplate\":\"https:\\\/\\\/www.precidiab.org\\\/en\\\/?s={search_term_string}\"},\"query-input\":{\"@type\":\"PropertyValueSpecification\",\"valueRequired\":true,\"valueName\":\"search_term_string\"}}],\"inLanguage\":\"en-US\"},{\"@type\":\"Organization\",\"@id\":\"https:\\\/\\\/www.precidiab.org\\\/en\\\/#organization\",\"name\":\"Precidiab\",\"url\":\"https:\\\/\\\/www.precidiab.org\\\/en\\\/\",\"logo\":{\"@type\":\"ImageObject\",\"inLanguage\":\"en-US\",\"@id\":\"https:\\\/\\\/www.precidiab.org\\\/en\\\/#\\\/schema\\\/logo\\\/image\\\/\",\"url\":\"https:\\\/\\\/www.precidiab.org\\\/wp-content\\\/uploads\\\/2022\\\/07\\\/Logo-PRECIDIAB.png\",\"contentUrl\":\"https:\\\/\\\/www.precidiab.org\\\/wp-content\\\/uploads\\\/2022\\\/07\\\/Logo-PRECIDIAB.png\",\"width\":600,\"height\":257,\"caption\":\"Precidiab\"},\"image\":{\"@id\":\"https:\\\/\\\/www.precidiab.org\\\/en\\\/#\\\/schema\\\/logo\\\/image\\\/\"}},{\"@type\":\"Person\",\"@id\":\"https:\\\/\\\/www.precidiab.org\\\/en\\\/#\\\/schema\\\/person\\\/d6ca115531c8ad59974f11050ababc79\",\"name\":\"btourbier\",\"image\":{\"@type\":\"ImageObject\",\"inLanguage\":\"en-US\",\"@id\":\"https:\\\/\\\/secure.gravatar.com\\\/avatar\\\/ede517e541c034054feafdd8a7a03fd3293fc75d1b87991c98533026c9921d33?s=96&d=mm&r=g\",\"url\":\"https:\\\/\\\/secure.gravatar.com\\\/avatar\\\/ede517e541c034054feafdd8a7a03fd3293fc75d1b87991c98533026c9921d33?s=96&d=mm&r=g\",\"contentUrl\":\"https:\\\/\\\/secure.gravatar.com\\\/avatar\\\/ede517e541c034054feafdd8a7a03fd3293fc75d1b87991c98533026c9921d33?s=96&d=mm&r=g\",\"caption\":\"btourbier\"},\"sameAs\":[\"https:\\\/\\\/precidiab.tw-es1.ovh\"],\"url\":\"https:\\\/\\\/www.precidiab.org\\\/en\\\/author\\\/btourbier\\\/\"}]}<\/script>\n<!-- \/ Yoast SEO plugin. -->","yoast_head_json":{"title":"Sequencing of Sars-CoV-2 within the LIGAN platform | Precidiab","robots":{"index":"index","follow":"follow","max-snippet":"max-snippet:-1","max-image-preview":"max-image-preview:large","max-video-preview":"max-video-preview:-1"},"canonical":"https:\/\/www.precidiab.org\/en\/news\/sequencing-of-sars-cov-2-within-the-ligan-platform\/","og_locale":"en_US","og_type":"article","og_title":"Sequencing of Sars-CoV-2 within the LIGAN platform | Precidiab","og_description":"For several weeks now, our LIGAN platform has been involved in the sequencing of Sars-CoV-2 and the identification of new variants. So, come and discover the report carried out by the France 3 teams on how sequencing works within our platform! https:\/\/www.youtube.com\/watch?v=FP3uwjIzypw","og_url":"https:\/\/www.precidiab.org\/en\/news\/sequencing-of-sars-cov-2-within-the-ligan-platform\/","og_site_name":"Precidiab","article_published_time":"2021-02-23T13:59:59+00:00","article_modified_time":"2022-08-18T10:43:48+00:00","og_image":[{"width":1021,"height":1021,"url":"https:\/\/www.precidiab.org\/wp-content\/uploads\/2021\/02\/France-3-Hauts-de-France.png","type":"image\/png"}],"author":"btourbier","twitter_card":"summary_large_image","twitter_misc":{"Written by":"btourbier","Est. reading time":"1 minute"},"schema":{"@context":"https:\/\/schema.org","@graph":[{"@type":"Article","@id":"https:\/\/www.precidiab.org\/en\/news\/sequencing-of-sars-cov-2-within-the-ligan-platform\/#article","isPartOf":{"@id":"https:\/\/www.precidiab.org\/en\/news\/sequencing-of-sars-cov-2-within-the-ligan-platform\/"},"author":{"name":"btourbier","@id":"https:\/\/www.precidiab.org\/en\/#\/schema\/person\/d6ca115531c8ad59974f11050ababc79"},"headline":"Sequencing of Sars-CoV-2 within the LIGAN platform","datePublished":"2021-02-23T13:59:59+00:00","dateModified":"2022-08-18T10:43:48+00:00","mainEntityOfPage":{"@id":"https:\/\/www.precidiab.org\/en\/news\/sequencing-of-sars-cov-2-within-the-ligan-platform\/"},"wordCount":55,"publisher":{"@id":"https:\/\/www.precidiab.org\/en\/#organization"},"image":{"@id":"https:\/\/www.precidiab.org\/en\/news\/sequencing-of-sars-cov-2-within-the-ligan-platform\/#primaryimage"},"thumbnailUrl":"https:\/\/www.precidiab.org\/wp-content\/uploads\/2021\/02\/France-3-Hauts-de-France.png","articleSection":["Actualit\u00e9s"],"inLanguage":"en-US"},{"@type":"WebPage","@id":"https:\/\/www.precidiab.org\/en\/news\/sequencing-of-sars-cov-2-within-the-ligan-platform\/","url":"https:\/\/www.precidiab.org\/en\/news\/sequencing-of-sars-cov-2-within-the-ligan-platform\/","name":"Sequencing of Sars-CoV-2 within the LIGAN platform | Precidiab","isPartOf":{"@id":"https:\/\/www.precidiab.org\/en\/#website"},"primaryImageOfPage":{"@id":"https:\/\/www.precidiab.org\/en\/news\/sequencing-of-sars-cov-2-within-the-ligan-platform\/#primaryimage"},"image":{"@id":"https:\/\/www.precidiab.org\/en\/news\/sequencing-of-sars-cov-2-within-the-ligan-platform\/#primaryimage"},"thumbnailUrl":"https:\/\/www.precidiab.org\/wp-content\/uploads\/2021\/02\/France-3-Hauts-de-France.png","datePublished":"2021-02-23T13:59:59+00:00","dateModified":"2022-08-18T10:43:48+00:00","breadcrumb":{"@id":"https:\/\/www.precidiab.org\/en\/news\/sequencing-of-sars-cov-2-within-the-ligan-platform\/#breadcrumb"},"inLanguage":"en-US","potentialAction":[{"@type":"ReadAction","target":["https:\/\/www.precidiab.org\/en\/news\/sequencing-of-sars-cov-2-within-the-ligan-platform\/"]}]},{"@type":"ImageObject","inLanguage":"en-US","@id":"https:\/\/www.precidiab.org\/en\/news\/sequencing-of-sars-cov-2-within-the-ligan-platform\/#primaryimage","url":"https:\/\/www.precidiab.org\/wp-content\/uploads\/2021\/02\/France-3-Hauts-de-France.png","contentUrl":"https:\/\/www.precidiab.org\/wp-content\/uploads\/2021\/02\/France-3-Hauts-de-France.png","width":1021,"height":1021},{"@type":"BreadcrumbList","@id":"https:\/\/www.precidiab.org\/en\/news\/sequencing-of-sars-cov-2-within-the-ligan-platform\/#breadcrumb","itemListElement":[{"@type":"ListItem","position":1,"name":"Home","item":"https:\/\/www.precidiab.org\/en\/"},{"@type":"ListItem","position":2,"name":"Sequencing of Sars-CoV-2 within the LIGAN platform"}]},{"@type":"WebSite","@id":"https:\/\/www.precidiab.org\/en\/#website","url":"https:\/\/www.precidiab.org\/en\/","name":"Precidiab","description":"Centre National de M\u00e9decine de Pr\u00e9cision des Diab\u00e8tes","publisher":{"@id":"https:\/\/www.precidiab.org\/en\/#organization"},"potentialAction":[{"@type":"SearchAction","target":{"@type":"EntryPoint","urlTemplate":"https:\/\/www.precidiab.org\/en\/?s={search_term_string}"},"query-input":{"@type":"PropertyValueSpecification","valueRequired":true,"valueName":"search_term_string"}}],"inLanguage":"en-US"},{"@type":"Organization","@id":"https:\/\/www.precidiab.org\/en\/#organization","name":"Precidiab","url":"https:\/\/www.precidiab.org\/en\/","logo":{"@type":"ImageObject","inLanguage":"en-US","@id":"https:\/\/www.precidiab.org\/en\/#\/schema\/logo\/image\/","url":"https:\/\/www.precidiab.org\/wp-content\/uploads\/2022\/07\/Logo-PRECIDIAB.png","contentUrl":"https:\/\/www.precidiab.org\/wp-content\/uploads\/2022\/07\/Logo-PRECIDIAB.png","width":600,"height":257,"caption":"Precidiab"},"image":{"@id":"https:\/\/www.precidiab.org\/en\/#\/schema\/logo\/image\/"}},{"@type":"Person","@id":"https:\/\/www.precidiab.org\/en\/#\/schema\/person\/d6ca115531c8ad59974f11050ababc79","name":"btourbier","image":{"@type":"ImageObject","inLanguage":"en-US","@id":"https:\/\/secure.gravatar.com\/avatar\/ede517e541c034054feafdd8a7a03fd3293fc75d1b87991c98533026c9921d33?s=96&d=mm&r=g","url":"https:\/\/secure.gravatar.com\/avatar\/ede517e541c034054feafdd8a7a03fd3293fc75d1b87991c98533026c9921d33?s=96&d=mm&r=g","contentUrl":"https:\/\/secure.gravatar.com\/avatar\/ede517e541c034054feafdd8a7a03fd3293fc75d1b87991c98533026c9921d33?s=96&d=mm&r=g","caption":"btourbier"},"sameAs":["https:\/\/precidiab.tw-es1.ovh"],"url":"https:\/\/www.precidiab.org\/en\/author\/btourbier\/"}]}},"_links":{"self":[{"href":"https:\/\/www.precidiab.org\/en\/wp-json\/wp\/v2\/posts\/7666","targetHints":{"allow":["GET"]}}],"collection":[{"href":"https:\/\/www.precidiab.org\/en\/wp-json\/wp\/v2\/posts"}],"about":[{"href":"https:\/\/www.precidiab.org\/en\/wp-json\/wp\/v2\/types\/post"}],"author":[{"embeddable":true,"href":"https:\/\/www.precidiab.org\/en\/wp-json\/wp\/v2\/users\/2"}],"replies":[{"embeddable":true,"href":"https:\/\/www.precidiab.org\/en\/wp-json\/wp\/v2\/comments?post=7666"}],"version-history":[{"count":0,"href":"https:\/\/www.precidiab.org\/en\/wp-json\/wp\/v2\/posts\/7666\/revisions"}],"wp:featuredmedia":[{"embeddable":true,"href":"https:\/\/www.precidiab.org\/en\/wp-json\/wp\/v2\/media\/7459"}],"wp:attachment":[{"href":"https:\/\/www.precidiab.org\/en\/wp-json\/wp\/v2\/media?parent=7666"}],"wp:term":[{"taxonomy":"category","embeddable":true,"href":"https:\/\/www.precidiab.org\/en\/wp-json\/wp\/v2\/categories?post=7666"},{"taxonomy":"post_tag","embeddable":true,"href":"https:\/\/www.precidiab.org\/en\/wp-json\/wp\/v2\/tags?post=7666"}],"curies":[{"name":"wp","href":"https:\/\/api.w.org\/{rel}","templated":true}]}}